{"id":3833,"date":"2021-11-22T20:14:07","date_gmt":"2021-11-22T19:14:07","guid":{"rendered":"https:\/\/www.chovanec.com\/wp\/?p=3833"},"modified":"2022-02-11T16:48:19","modified_gmt":"2022-02-11T15:48:19","slug":"prvni-etapa-zavodu-stovkou-pres-atlantik","status":"publish","type":"post","link":"https:\/\/www.chovanec.com\/wp\/prvni-etapa-zavodu-stovkou-pres-atlantik\/","title":{"rendered":"Prvn\u00ed etapa z\u00e1vodu Stovkou p\u0159es Atlantik"},"content":{"rendered":"<p>27. \u0159\u00edjna r\u00e1no jsme s kamar\u00e1dem Petrem zapojili vlek se Stovkou za auto a vyrazili sm\u011br Portugalsko. Nem\u011bli jsme tam nic domluveno, ale kolega Jurand, kter\u00fd d\u00e1val svoji lo\u010f Alczento na vodu v jihoportugalsk\u00e9m p\u0159\u00edstavu Portimao, \u0159\u00edkal, \u017ee by to &#8222;nem\u011bl b\u00fdt probl\u00e9m&#8220;.<br \/>\nP\u0159ejeli jsme N\u011bmecko a Francii a stavili se na chv\u00edli odpo\u010dinout na obrovskou p\u00edse\u010dnou dunu u Bordeaux. Jmenuje se Dune du Pyla a je nejv\u011bt\u0161\u00ed v Evrop\u011b.<\/p>\n<div id=\"attachment_3835\" style=\"width: 868px\" class=\"wp-caption alignnone\"><a href=\"https:\/\/www.chovanec.com\/wp\/wp-content\/uploads\/2021\/11\/IMG_20211028_122250.jpg\" data-rel=\"lightbox-image-0\" data-rl_title=\"IMG_20211028_122250\" data-rl_caption=\"Dune du Pyla\" title=\"IMG_20211028_122250\"><img aria-describedby=\"caption-attachment-3835\" loading=\"lazy\" src=\"https:\/\/www.chovanec.com\/wp\/wp-content\/uploads\/2021\/11\/IMG_20211028_122250-1024x768.jpg\" alt=\"\" width=\"858\" height=\"644\" class=\"size-large wp-image-3835\" srcset=\"https:\/\/www.chovanec.com\/wp\/wp-content\/uploads\/2021\/11\/IMG_20211028_122250-1024x768.jpg 1024w, https:\/\/www.chovanec.com\/wp\/wp-content\/uploads\/2021\/11\/IMG_20211028_122250-300x225.jpg 300w, https:\/\/www.chovanec.com\/wp\/wp-content\/uploads\/2021\/11\/IMG_20211028_122250-768x576.jpg 768w, https:\/\/www.chovanec.com\/wp\/wp-content\/uploads\/2021\/11\/IMG_20211028_122250.jpg 1200w\" sizes=\"(max-width: 858px) 100vw, 858px\" \/><\/a><p id=\"caption-attachment-3835\" class=\"wp-caption-text\">Dune du Pyla<\/p><\/div>\n<p>Pokra\u010dujeme d\u00e1l po d\u00e1lnici na jih, \u0159\u00edd\u00ed Petr. Trochu si zd\u0159\u00edmnu a kdy\u017e se probud\u00edm, Petr \u0159\u00edk\u00e1: &#8222;P\u0159ed chv\u00edl\u00ed jsme p\u0159edjeli podobnou lo\u010fku, jako je Stovka.&#8220;<br \/>\nV tu chv\u00edli zavol\u00e1 Adam, dal\u0161\u00ed stavitel Setky: &#8222;Lu\u010fku, p\u0159ed chv\u00edl\u00ed n\u00e1s p\u0159edjela br\u010d\u00e1lov\u011b zelen\u00e1 lo\u010f, to jsi musel b\u00fdt ty!&#8220;<br \/>\nDomluvili jsme se, \u017ee zastav\u00edme na dal\u0161\u00edm parkovi\u0161ti a pokec\u00e1me. Uvid\u011bli jsme se poprv\u00e9 v \u017eivot\u011b, stejn\u011b jako na\u0161e lod\u011b, d\u00edky n\u00e1hod\u011b, kdesi v ji\u017en\u00ed Francii.<br \/>\nAdam m\u011bl domluveno spu\u0161t\u011bn\u00ed lod\u011b na vodu bl\u00edzko Lisabonu. To mi p\u0159i\u0161lo jako lep\u0161\u00ed varianta, ne\u017e jih Portugalska. M\u016f\u017eu ud\u011blat testovac\u00ed p\u0159eplavbu z Lisabonu do Sagres na m\u00edsto startu a vychytat mouchy p\u0159ed z\u00e1vodem.<\/p>\n<div id=\"attachment_3836\" style=\"width: 868px\" class=\"wp-caption alignnone\"><a href=\"https:\/\/www.chovanec.com\/wp\/wp-content\/uploads\/2021\/11\/249307921_137537315283322_9097325587530041844_n.jpg\" data-rel=\"lightbox-image-1\" data-rl_title=\"249307921_137537315283322_9097325587530041844_n\" data-rl_caption=\"S Adamem a Zuzi kdesi v ji\u017en\u00ed Francii\" title=\"249307921_137537315283322_9097325587530041844_n\"><img aria-describedby=\"caption-attachment-3836\" loading=\"lazy\" src=\"https:\/\/www.chovanec.com\/wp\/wp-content\/uploads\/2021\/11\/249307921_137537315283322_9097325587530041844_n-1024x576.jpg\" alt=\"\" width=\"858\" height=\"483\" class=\"size-large wp-image-3836\" srcset=\"https:\/\/www.chovanec.com\/wp\/wp-content\/uploads\/2021\/11\/249307921_137537315283322_9097325587530041844_n-1024x576.jpg 1024w, https:\/\/www.chovanec.com\/wp\/wp-content\/uploads\/2021\/11\/249307921_137537315283322_9097325587530041844_n-300x169.jpg 300w, https:\/\/www.chovanec.com\/wp\/wp-content\/uploads\/2021\/11\/249307921_137537315283322_9097325587530041844_n-768x432.jpg 768w, https:\/\/www.chovanec.com\/wp\/wp-content\/uploads\/2021\/11\/249307921_137537315283322_9097325587530041844_n.jpg 1200w\" sizes=\"(max-width: 858px) 100vw, 858px\" \/><\/a><p id=\"caption-attachment-3836\" class=\"wp-caption-text\">S Adamem a Zuzi kdesi v ji\u017en\u00ed Francii<\/p><\/div>\n<p>Rozhodl jsem se, \u017ee pojedeme tak\u00e9 do Lisabonu jako Adam.<br \/>\nProto\u017ee jsme jeli rychleji, dorazili jsme do Seixel, kde byl Adam domluven\u00fd, d\u0159\u00edve ne\u017e on. Na\u0161el jsem chlap\u00edka, kter\u00fd m\u011bl na starosti je\u0159\u00e1b, vysv\u011btlil jsem mu, \u017ee kamar\u00e1d je tady domluven\u00fd na spou\u0161t\u011bn\u00ed.<br \/>\n&#8222;To nep\u016fjde&#8220; pov\u00edd\u00e1 chlap\u00edk. Pt\u00e1m se, pro\u010d ne?<br \/>\n&#8211; &#8222;Takhle malou k\u00fdlovou lo\u010f ned\u00e1m na je\u0159\u00e1b.&#8220;<br \/>\n&#8211; &#8222;Ale p\u0159ed \u010dty\u0159mi lety se tady spustili na vodu na\u0161i p\u0159edch\u016fdci.&#8220;<br \/>\n&#8211; &#8222;P\u0159ed \u010dty\u0159mi lety mo\u017en\u00e1, ale te\u010f to nejde.&#8220;<br \/>\nChlap\u00edk byl neoblomn\u00fd a bylo vid\u011bt, \u017ee ho nep\u0159esv\u011bd\u010d\u00edm. Zavolal jsem nedobrou novinu Adamovi a uva\u017eovali jsme, co d\u00e1l.<br \/>\nNa druh\u00e9 stran\u011b z\u00e1toky jsme vid\u011bli n\u011bkolik st\u011b\u017e\u0148\u016f, tak jsme vyrazili tam. V mal\u00e9 lod\u011bnici n\u00e1s p\u0159iv\u00edtal Sergio, p\u0159\u00edjemn\u00fd chlap\u00edk. \u0158ekl, \u017ee on s\u00e1m n\u00e1m sice nepom\u016f\u017ee, ale zkus\u00ed obvolat p\u00e1r zn\u00e1m\u00fdch. Bohu\u017eel bez v\u00fdsledku. Nakonec n\u00e1m dal jak\u00e9si telefonn\u00ed \u010d\u00edslo v Lisabonu, kam si m\u00e1me zkusit zavolat.<br \/>\nNa je\u0159\u00e1bu jim zrovna visela \u010desk\u00e1 lo\u010f <a href=\"https:\/\/www.jafipapa.cz\/\">Jafipapa II<\/a>, ale majitel\u00e9 tam nebyli.<br \/>\nOdch\u00e1zeli jsme k autu, chystal jsem se volat na to telefonn\u00ed \u010d\u00edslo, co jsem dostal (tu\u0161il jsem, \u017ee v\u00fdsledek bude nevaln\u00fd). Proti n\u00e1m p\u0159ich\u00e1zel od pohledu sympatick\u00fd p\u00e1r a uk\u00e1zalo se, \u017ee je to Pavel s Jarkou, kter\u00fdm pat\u0159\u00ed plachetnice na je\u0159\u00e1bu. Dali jsme se do \u0159e\u010di a proto\u017ee se dob\u0159e znaj\u00ed s majiteli lod\u011bnice, rozhodli jsme se zkusit \u0161t\u011bst\u00ed je\u0161t\u011b jednou.<br \/>\nV kancel\u00e1\u0159i tentokr\u00e1t m\u00edsto Sergia sed\u011bl jeho bratr Fernando a ten t\u00e9m\u011b\u0159 okam\u017eit\u011b souhlasil, \u017ee n\u00e1m pom\u016f\u017eou. Hur\u00e1!<\/p>\n<div id=\"attachment_3850\" style=\"width: 1034px\" class=\"wp-caption alignnone\"><a href=\"https:\/\/www.chovanec.com\/wp\/wp-content\/uploads\/2021\/11\/IMG-20211101-WA0014.jpg\" data-rel=\"lightbox-image-2\" data-rl_title=\"IMG-20211101-WA0014\" data-rl_caption=\"S Pavlem a Jarkou v Tagus Yacht Center\" title=\"IMG-20211101-WA0014\"><img aria-describedby=\"caption-attachment-3850\" loading=\"lazy\" src=\"https:\/\/www.chovanec.com\/wp\/wp-content\/uploads\/2021\/11\/IMG-20211101-WA0014.jpg\" alt=\"\" width=\"1024\" height=\"768\" class=\"size-full wp-image-3850\" srcset=\"https:\/\/www.chovanec.com\/wp\/wp-content\/uploads\/2021\/11\/IMG-20211101-WA0014.jpg 1024w, https:\/\/www.chovanec.com\/wp\/wp-content\/uploads\/2021\/11\/IMG-20211101-WA0014-300x225.jpg 300w, https:\/\/www.chovanec.com\/wp\/wp-content\/uploads\/2021\/11\/IMG-20211101-WA0014-768x576.jpg 768w\" sizes=\"(max-width: 1024px) 100vw, 1024px\" \/><\/a><p id=\"caption-attachment-3850\" class=\"wp-caption-text\">S Pavlem a Jarkou v Tagus Yacht Center<\/p><\/div>\n<p>Zvedli jsme lo\u010f z vleku na kozy a dali se do pr\u00e1ce &#8211; p\u0159id\u011blat k\u00fdl, nat\u0159\u00edt spodek lodi pod \u010d\u00e1rou ponoru protiporostovou barvou, postavit st\u011b\u017ee\u0148, atd., atd.<br \/>\nPo\u010das\u00ed n\u00e1m v\u016fbec nep\u0159\u00e1lo, bylo zima a t\u00e9m\u011b\u0159 po\u0159\u00e1d pr\u0161elo. P\u0159itom jsme m\u011bli n\u016f\u017e na krku &#8211; dal\u0161\u00ed den r\u00e1no musela Stovka na vodu.<br \/>\nPracovali jsme dlouho do noci, nat\u00edrali jsme, kdy\u017e po trupu st\u00e9kaly potoky vody, ale r\u00e1no jsme byli jak\u017e tak\u017e p\u0159ipraveni.<br \/>\nStovka \u0161la na vodu. Na ten prvn\u00ed okam\u017eik jsem se stra\u0161n\u011b t\u011b\u0161il, st\u00e1l jsem v kokpitu, je\u0159\u00e1b n\u00e1s pou\u0161t\u011bl dol\u016f, trup se dotkl vody &#8211; ty jo, ono to plave!<\/p>\n<div id=\"attachment_3838\" style=\"width: 1034px\" class=\"wp-caption alignnone\"><a href=\"https:\/\/www.chovanec.com\/wp\/wp-content\/uploads\/2021\/11\/IMG-20211101-WA0022.jpg\" data-rel=\"lightbox-image-3\" data-rl_title=\"IMG-20211101-WA0022\" data-rl_caption=\"Stovka jde na vodu\" title=\"IMG-20211101-WA0022\"><img aria-describedby=\"caption-attachment-3838\" loading=\"lazy\" src=\"https:\/\/www.chovanec.com\/wp\/wp-content\/uploads\/2021\/11\/IMG-20211101-WA0022.jpg\" alt=\"\" width=\"1024\" height=\"768\" class=\"size-full wp-image-3838\" srcset=\"https:\/\/www.chovanec.com\/wp\/wp-content\/uploads\/2021\/11\/IMG-20211101-WA0022.jpg 1024w, https:\/\/www.chovanec.com\/wp\/wp-content\/uploads\/2021\/11\/IMG-20211101-WA0022-300x225.jpg 300w, https:\/\/www.chovanec.com\/wp\/wp-content\/uploads\/2021\/11\/IMG-20211101-WA0022-768x576.jpg 768w\" sizes=\"(max-width: 1024px) 100vw, 1024px\" \/><\/a><p id=\"caption-attachment-3838\" class=\"wp-caption-text\">Stovka jde na vodu<\/p><\/div>\n<p>Nebyl ale \u010das to n\u011bjak pro\u017e\u00edvat, zb\u00fdvala spousta pr\u00e1ce a chv\u00edli po n\u00e1s \u0161el na vodu i Adam se sv\u00fdm Dream Catcherem.<br \/>\nDod\u011blali jsme, co jsme mohli, p\u0159e\u010dkali dal\u0161\u00ed noc vyv\u00e1zan\u00ed p\u0159ed lod\u011bnic\u00ed a v ned\u011bli se Stovka vydala na svou prvn\u00ed plavbu.<br \/>\nBylo st\u00e1le hnusn\u011b, siln\u00fd v\u00edtr, d\u00e9\u0161\u0165. Petr p\u0159ejel autem do Seixelu k trajektov\u00e9mu p\u0159\u00edstavi\u0161ti, aby to m\u011bl zp\u00e1tky bl\u00edzko, j\u00e1 jsem provizorn\u011b vyv\u00e1zal plachty a odrazil od mola. Plujeme! Na zadobo\u010dn\u00ed v\u00edtr jsem se na malou kosatku a zrefovanou hlavn\u00ed plachtu rychle vzdaloval od mola. Stovk\u00e1 kr\u00e1sn\u011b reagovala na kormidlo, od prvn\u00edho okam\u017eiku mn\u011b pot\u011b\u0161ila, jak hezky se na vod\u011b chov\u00e1.<br \/>\nNe\u017e bys \u0159ekl \u0161vec jsem byl na druh\u00e9 stran\u011b z\u00e1toky, p\u0159irazil jsem k mal\u00e9mu molu a nabral Petra.<br \/>\nVyrazili jsme sm\u011br Lisabon. Podm\u00ednky se zhor\u0161ovaly, hust\u00fd d\u011b\u0161\u0165. Vpluli jsme do \u0159eky Tagus a m\u00ed\u0159ili k vysok\u00e9mu mostu, dominant\u011b Lisabonu, kter\u00fd spojuje severn\u00ed a ji\u017en\u00ed b\u0159eh. Kdy\u017e jsme podj\u00ed\u017ed\u011bli most, p\u0159i\u0161la i bou\u0159ka a viditelnost v hust\u00e9m de\u0161ti byla p\u00e1r des\u00edtek metr\u016f.<br \/>\nBl\u00ed\u017eili jsme se k prot\u011bj\u0161\u00edmu b\u0159ehu a kousek d\u00e1l jsem uvid\u011bl velkou temnou siluetu. To by mohl b\u00fdt pam\u00e1tn\u00edk portugalsk\u00fdm objevitel\u016fm v Bel\u00e9mu a kousek p\u0159ed n\u00edm je mal\u00e1 mar\u00edna.<br \/>\nV\u00edce m\u00e9n\u011b po \u010duchu jsem na\u0161el otvor mezi kamenn\u00fdmi zdmi a zasvi\u0161t\u011bli jsme dovnit\u0159, kde jsme se chytli o prvn\u00ed lo\u010f a pak se p\u0159et\u00e1hli do voln\u00e9ho st\u00e1n\u00ed.<br \/>\nStovka nem\u00e1 motor, tak\u017ee p\u0159\u00edstavn\u00ed man\u00e9vry jsou trochu adrenalinovat\u011bj\u0161\u00ed.<\/p>\n<div id=\"attachment_3846\" style=\"width: 868px\" class=\"wp-caption alignnone\"><a href=\"https:\/\/www.chovanec.com\/wp\/wp-content\/uploads\/2021\/11\/IMG_20211101_080545.jpg\" data-rel=\"lightbox-image-4\" data-rl_title=\"IMG_20211101_080545\" data-rl_caption=\"Stovka v Bel\u00e9mu u pam\u00e1tn\u00edku mo\u0159eplavc\u016f\" title=\"IMG_20211101_080545\"><img aria-describedby=\"caption-attachment-3846\" loading=\"lazy\" src=\"https:\/\/www.chovanec.com\/wp\/wp-content\/uploads\/2021\/11\/IMG_20211101_080545-1024x768.jpg\" alt=\"\" width=\"858\" height=\"644\" class=\"size-large wp-image-3846\" srcset=\"https:\/\/www.chovanec.com\/wp\/wp-content\/uploads\/2021\/11\/IMG_20211101_080545-1024x768.jpg 1024w, https:\/\/www.chovanec.com\/wp\/wp-content\/uploads\/2021\/11\/IMG_20211101_080545-300x225.jpg 300w, https:\/\/www.chovanec.com\/wp\/wp-content\/uploads\/2021\/11\/IMG_20211101_080545-768x576.jpg 768w, https:\/\/www.chovanec.com\/wp\/wp-content\/uploads\/2021\/11\/IMG_20211101_080545.jpg 1200w\" sizes=\"(max-width: 858px) 100vw, 858px\" \/><\/a><p id=\"caption-attachment-3846\" class=\"wp-caption-text\">Stovka v Bel\u00e9mu u pam\u00e1tn\u00edku mo\u0159eplavc\u016f<\/p><\/div>\n<p>Petr vyrazil zp\u00e1tky k autu, cht\u011bl b\u00fdt co nejrychleji na cest\u011b a j\u00e1 jsem p\u0159e\u017eil prvn\u00ed osam\u011blou bou\u0159livou noc.<br \/>\nR\u00e1no se po\u010das\u00ed uklidnilo a vy\u0161lo slun\u00ed\u010dko. P\u0159irazil jsem se s Stovkou k je\u0159\u00e1bu na druh\u00e9 stran\u011b mar\u00edny, nasadil vypadlou ot\u011b\u017e hlavn\u00ed plachty a vyrazil na z\u00e1pad.<br \/>\nC\u00edlem byla mar\u00edna Oeiras, kter\u00e1 u\u017e je na Atlantick\u00e9m pob\u0159e\u017e\u00ed.<br \/>\nV\u00edtr sl\u00e1bl a kdy\u017e jsem vj\u00ed\u017ed\u011bl do mar\u00edny, utichl \u00fapln\u011b. Byl jsem zrovna mezi vlnolamy a hned jsem pochopil, pro\u010d v koment\u00e1\u0159\u00edch k mar\u00edn\u011b psali, \u017ee nen\u00ed radno vj\u00ed\u017ed\u011bt v dob\u011b, kdy je nejsiln\u011bj\u0161\u00ed p\u0159\u00edliv \u010di odliv.<br \/>\nT\u011bsn\u011b u b\u0159ehu byl siln\u00fd proud, kter\u00fd mn\u011b sn\u00e1\u0161el na kameny z\u00e1padn\u00edho vlnolamu.<br \/>\nVzal jsem do ruky paddleboardov\u00e9 p\u00e1dlo a za\u010dal zu\u0159iv\u011b p\u00e1dlovat. Kameny se bl\u00ed\u017eily, ale na posledn\u00ed chv\u00edli se mi poda\u0159ilo proklouznou dovnit\u0159.  V t\u00e9 chv\u00edli si mn\u011b v\u0161imli ryb\u00e1\u0159i na \u010dlunu, kte\u0159\u00ed se vraceli z mo\u0159e a dot\u00e1hli mn\u011b k prvn\u00edmu molu. Uf, to bylo o fous.<br \/>\nV mar\u00edn\u011b jsem z\u016fstal dv\u011b noci, dokon\u010dil jsem, co se dalo a ve \u010dtvrtek 4. listopadu jsem vyrazil poprv\u00e9 na oce\u00e1n. C\u00edlem byl p\u0159\u00edstav Portimao na jihu Portugalska, kde jsme m\u011bli sraz s ostatn\u00edmi \u00fa\u010dastn\u00edky z\u00e1vodu.<\/p>\n<div id=\"attachment_3839\" style=\"width: 868px\" class=\"wp-caption alignnone\"><a href=\"https:\/\/www.chovanec.com\/wp\/wp-content\/uploads\/2021\/11\/IMG_20211104_083127.jpg\" data-rel=\"lightbox-image-5\" data-rl_title=\"IMG_20211104_083127\" data-rl_caption=\"Stovka v mar\u00edn\u011b Oeiras\" title=\"IMG_20211104_083127\"><img aria-describedby=\"caption-attachment-3839\" loading=\"lazy\" src=\"https:\/\/www.chovanec.com\/wp\/wp-content\/uploads\/2021\/11\/IMG_20211104_083127-1024x768.jpg\" alt=\"\" width=\"858\" height=\"644\" class=\"size-large wp-image-3839\" srcset=\"https:\/\/www.chovanec.com\/wp\/wp-content\/uploads\/2021\/11\/IMG_20211104_083127-1024x768.jpg 1024w, https:\/\/www.chovanec.com\/wp\/wp-content\/uploads\/2021\/11\/IMG_20211104_083127-300x225.jpg 300w, https:\/\/www.chovanec.com\/wp\/wp-content\/uploads\/2021\/11\/IMG_20211104_083127-768x576.jpg 768w, https:\/\/www.chovanec.com\/wp\/wp-content\/uploads\/2021\/11\/IMG_20211104_083127.jpg 1200w\" sizes=\"(max-width: 858px) 100vw, 858px\" \/><\/a><p id=\"caption-attachment-3839\" class=\"wp-caption-text\">Stovka v mar\u00edn\u011b Oeiras<\/p><\/div>\n<p>Ze za\u010d\u00e1tku v\u00e1l lehk\u00fd v\u00edtr, kter\u00fd mi umo\u017enil prvn\u00ed zkou\u0161ky v\u011btrn\u00e9ho kormidla a v\u016fbec p\u0159\u00edpravu na 130 n\u00e1mo\u0159n\u00edch mil dlouhou cestu. K ve\u010deru za\u010dal v\u00edtr zesilovat a\u017e na 5 Bf, ale foukal spr\u00e1vn\u00fdm sm\u011brem a na malou kosatku jsem rychle uh\u00e1n\u011bl k jihu.<br \/>\nCelou noc jsem m\u011bl jako ve snu, i kdy\u017e jsem nedok\u00e1zal ani na sekundu usnout. V\u0161echno bylo nov\u00e9, divok\u00e9 pohyby lodi na vln\u00e1ch, hust\u00fd lodn\u00ed provoz, v\u011btrn\u00e9 kormidlo, kter\u00e9 celkem fungovalo, ale ob\u010das se zamotalo do \u0159\u00edd\u00edc\u00edch lanek, bylo toho hodn\u011b.<br \/>\nR\u00e1no jsem dorazil k mysu svat\u00e9ho Vincenta, nejjihoz\u00e1padn\u011bj\u0161\u00edmu c\u00edpu evropsk\u00e9ho kontinentu, zato\u010dil na v\u00fdchod a pod\u00e9l ji\u017en\u00edho pob\u0159e\u017e\u00ed Portugalska plul na m\u00edsto srazu.<\/p>\n<div id=\"attachment_3840\" style=\"width: 868px\" class=\"wp-caption alignnone\"><a href=\"https:\/\/www.chovanec.com\/wp\/wp-content\/uploads\/2021\/11\/IMG_20211105_113138.jpg\" data-rel=\"lightbox-image-6\" data-rl_title=\"IMG_20211105_113138\" data-rl_caption=\"Mys Svat\u00e9ho Vincenta\" title=\"IMG_20211105_113138\"><img aria-describedby=\"caption-attachment-3840\" loading=\"lazy\" src=\"https:\/\/www.chovanec.com\/wp\/wp-content\/uploads\/2021\/11\/IMG_20211105_113138-1024x768.jpg\" alt=\"\" width=\"858\" height=\"644\" class=\"size-large wp-image-3840\" srcset=\"https:\/\/www.chovanec.com\/wp\/wp-content\/uploads\/2021\/11\/IMG_20211105_113138-1024x768.jpg 1024w, https:\/\/www.chovanec.com\/wp\/wp-content\/uploads\/2021\/11\/IMG_20211105_113138-300x225.jpg 300w, https:\/\/www.chovanec.com\/wp\/wp-content\/uploads\/2021\/11\/IMG_20211105_113138-768x576.jpg 768w, https:\/\/www.chovanec.com\/wp\/wp-content\/uploads\/2021\/11\/IMG_20211105_113138.jpg 1200w\" sizes=\"(max-width: 858px) 100vw, 858px\" \/><\/a><p id=\"caption-attachment-3840\" class=\"wp-caption-text\">Mys Svat\u00e9ho Vincenta<\/p><\/div>\n<p>T\u00e9m\u011b\u0159 nefoukalo a uplout 30 mil mi zabralo cel\u00fd den. K vjezdu do p\u0159\u00edstavu Portimao jsem p\u0159ij\u00ed\u017ed\u011bl u\u017e za tmy. Ve slab\u00e9m v\u00e1nku jsem prokli\u010dkoval mezi vlnolamy v \u00fast\u00ed \u0159eky a pokra\u010doval vzh\u016fru korytem proti proudu a odlivu sm\u011brem k mar\u00edn\u011b.<br \/>\nV tu chv\u00edli se ozvalo duniv\u00e9 zahouk\u00e1n\u00ed a za zat\u00e1\u010dkou se dala do pohybu obrovsk\u00e1 v\u00fdletn\u00ed lo\u010f.<br \/>\nNo co, n\u011bjak se mineme. Nem\u011bl jsem je\u0161t\u011b \u017e\u00e1dn\u00e9 sv\u011btlo, tak\u017ee jsem k\u0159i\u017eoval \u0159ekou jak temn\u00fd nin\u017ea.<br \/>\nKolem mn\u011b projel pilotn\u00ed \u010dlun, kter\u00fd \u010dist\u00ed cestu velk\u00fdm lod\u00edm vyplouvaj\u00edc\u00edm z p\u0159\u00edstavu, ale nev\u011bnoval mi pozornost, proto\u017ee jsem se dr\u017eel na okraji plavebn\u00ed dr\u00e1hy.<br \/>\nV\u00fdletn\u00ed lo\u010f se bl\u00ed\u017eila. Zb\u00fdval mi posledn\u00ed obrat, p\u0159ejet nap\u0159\u00ed\u010d plavebn\u00ed dr\u00e1hou a jsem v mar\u00edn\u011b. To stihnu.<br \/>\nByl jsem p\u0159esn\u011b uprost\u0159ed, kdy\u017e \u00fapln\u011b p\u0159estalo foukat. Lo\u010f byla cca 200 metr\u016f ode mn\u011b a rychle se bl\u00ed\u017eila.<br \/>\nPilotn\u00ed \u010dlun si mn\u011b v\u0161iml, za\u010dal kolem mn\u011b zoufale krou\u017eit a pos\u00e1dka gestikulovala &#8211; pry\u010d, pry\u010d, mus\u00ed\u0161 rychle pry\u010d! S\u00e1hl jsem dol\u016f pro p\u00e1dlo, ale u\u017e nebylo moc \u010dasu. Hodil jsem rad\u011bji lano pilotn\u00edmu \u010dlunu a ti mn\u011b kousek odt\u00e1hli.<br \/>\nM\u011bl jsem tak mo\u017enost prohl\u00e9dnout si v\u00fdletn\u00ed lo\u010f hezky zbl\u00edzka, asi z 15 metr\u016f.<br \/>\nZa chv\u00edli se v\u00edtr zase trochu zvednul, tak\u017ee jsem doplul do mar\u00edny, vyv\u00e1zal se k molu a otev\u0159el si birela. Prvn\u00ed p\u0159eplavba byla \u00fasp\u011b\u0161n\u011b za mnou.<br \/>\nR\u00e1no jsem se p\u0159esunul k molu, kde u\u017e st\u00e1ly Setky Shaka Kuby Dabrowsk\u00e9ho a Alczento Juranda Goszczinsk\u00e9ho.<br \/>\nKdy\u017e jsme tak st\u00e1li vedle sebe, byl to par\u00e1dn\u00ed pohled. Setky jsou hezk\u00e9 lod\u011b.<br \/>\nP\u0159\u00ed\u0161t\u00edch p\u00e1r dn\u016f ub\u011bhlo rychle, ani nev\u00edm jak. Zpest\u0159en\u00edm byl \u0161pan\u011blsk\u00fd N\u011bmec Julen, kter\u00fd byl vyv\u00e1zan\u00fd vedle n\u00e1s a chystal se p\u0159eveslovat p\u0159es Atlantik na speci\u00e1ln\u00ed veslici &#8211; je to borec. Jeho str\u00e1nky jsou <a href=\"https:\/\/zerow-emission.org\/\">https:\/\/zerow-emission.org\/<\/a>.<br \/>\nBrzy dorazil i Adam a na\u0161e flotila \u010dty\u0159 Setek byla kompletn\u00ed.<\/p>\n<div id=\"attachment_3841\" style=\"width: 868px\" class=\"wp-caption alignnone\"><a href=\"https:\/\/www.chovanec.com\/wp\/wp-content\/uploads\/2021\/11\/DJI_0171.jpg\" data-rel=\"lightbox-image-7\" data-rl_title=\"DJI_0171\" data-rl_caption=\"Setky p\u0159ed startem v mar\u00edn\u011b Portimao\" title=\"DJI_0171\"><img aria-describedby=\"caption-attachment-3841\" loading=\"lazy\" src=\"https:\/\/www.chovanec.com\/wp\/wp-content\/uploads\/2021\/11\/DJI_0171-1024x768.jpg\" alt=\"\" width=\"858\" height=\"644\" class=\"size-large wp-image-3841\" srcset=\"https:\/\/www.chovanec.com\/wp\/wp-content\/uploads\/2021\/11\/DJI_0171-1024x768.jpg 1024w, https:\/\/www.chovanec.com\/wp\/wp-content\/uploads\/2021\/11\/DJI_0171-300x225.jpg 300w, https:\/\/www.chovanec.com\/wp\/wp-content\/uploads\/2021\/11\/DJI_0171-768x576.jpg 768w, https:\/\/www.chovanec.com\/wp\/wp-content\/uploads\/2021\/11\/DJI_0171.jpg 1200w\" sizes=\"(max-width: 858px) 100vw, 858px\" \/><\/a><p id=\"caption-attachment-3841\" class=\"wp-caption-text\">Setky p\u0159ed startem v mar\u00edn\u011b Portimao<\/p><\/div>\n<p>10. listopadu r\u00e1no jsme vyrazili do p\u0159\u00edstavu Sagres, kde byl na n\u00e1sleduj\u00edc\u00ed r\u00e1no napl\u00e1novan\u00fd start. Odjezd byl velmi p\u0159\u00edjemn\u00fd, na n\u00e1b\u0159e\u017e\u00ed n\u00e1m m\u00e1vali v\u0161ichni, se kter\u00fdmi jsme se b\u011bhem pobytu v Portimao sezn\u00e1mili, trubky troubily, p\u0159idala se i \u0161koln\u00ed t\u0159\u00edda na v\u00fdlet\u011b &#8211; no c\u00edtil jsem se jako bych byl v kan\u00e1lu Les Sables d&#8217;Olonne p\u0159i startu Vend\u00e9e Globe \ud83d\ude42<br \/>\nV\u00edtr byl slab\u00fd a k ve\u010deru utichl \u00fapln\u011b. Jurand a Adam maj\u00ed motor, tak\u017ee jsme se rozd\u011blili na dvojice a motorovali k Sagres. Mn\u011b t\u00e1hl Jurand. U\u017e se stm\u00edvalo, kdy\u017e se vedle n\u00e1s objevila \u010dern\u00e1 ploutev. Chvilku jsem se sna\u017eil se p\u0159esv\u011bd\u010dit, \u017ee to je delf\u00edn. Ploutve si v\u0161iml i Jurand:<\/p>\n<p>&#8211; &#8222;Existuj\u00ed \u010dern\u00ed delf\u00edni?&#8220;<br \/>\n&#8211; &#8222;Jo, ale \u017eij\u00ed jenom na ji\u017en\u00ed polokouli&#8220;<br \/>\n&#8211; &#8222;Hm &#8230;&#8220;<\/p>\n<p>Byla to kosatka. co\u017e pro n\u00e1s nebyla \u00fapln\u011b nejlep\u0161\u00ed zpr\u00e1va. Na ji\u017en\u00edm pob\u0159e\u017e\u00ed mezi mysem sv. Vincenta a Gibraltarem \u017eije st\u00e1do kosatek, kter\u00e9 v posledn\u00edch m\u011bs\u00edc\u00edch \u00fato\u010d\u00ed na mal\u00e9 lod\u011b. V\u011bt\u0161inou po\u0161kod\u00ed kormidlo, \u010dasto tak, \u017ee lo\u010f se stane neovladatelnou.<br \/>\n\u010cern\u00e1 ploutev kolem n\u00e1s krou\u017eila, ale pak ji to p\u0159estalo bavit a odplula.<\/p>\n<div id=\"attachment_3849\" style=\"width: 868px\" class=\"wp-caption alignnone\"><a href=\"https:\/\/www.chovanec.com\/wp\/wp-content\/uploads\/2021\/11\/IMG_20211110_172554.jpg\" data-rel=\"lightbox-image-8\" data-rl_title=\"IMG_20211110_172554\" data-rl_caption=\"Jedeme do Sagres na start\" title=\"IMG_20211110_172554\"><img aria-describedby=\"caption-attachment-3849\" loading=\"lazy\" src=\"https:\/\/www.chovanec.com\/wp\/wp-content\/uploads\/2021\/11\/IMG_20211110_172554-1024x768.jpg\" alt=\"\" width=\"858\" height=\"644\" class=\"size-large wp-image-3849\" srcset=\"https:\/\/www.chovanec.com\/wp\/wp-content\/uploads\/2021\/11\/IMG_20211110_172554-1024x768.jpg 1024w, https:\/\/www.chovanec.com\/wp\/wp-content\/uploads\/2021\/11\/IMG_20211110_172554-300x225.jpg 300w, https:\/\/www.chovanec.com\/wp\/wp-content\/uploads\/2021\/11\/IMG_20211110_172554-768x576.jpg 768w, https:\/\/www.chovanec.com\/wp\/wp-content\/uploads\/2021\/11\/IMG_20211110_172554.jpg 1200w\" sizes=\"(max-width: 858px) 100vw, 858px\" \/><\/a><p id=\"caption-attachment-3849\" class=\"wp-caption-text\">Jedeme do Sagres na start<\/p><\/div>\n<p>Dv\u011b m\u00edle p\u0159ed Sagres do\u0161el Jurandovi benz\u00edn.<br \/>\nDo p\u0159\u00edstavu jsme p\u0159ij\u00ed\u017ed\u011bli op\u011bt za tmy, u\u017e se z toho st\u00e1v\u00e1 tradice. Tentokr\u00e1t u\u017e jsem ale byl osv\u011btlen &#8211; n\u00e1mo\u0159n\u00ed regule pro m\u016fj typ lodi p\u0159edepisuj\u00ed v\u0161esm\u011brov\u00e9 b\u00edl\u00e9 sv\u011btlo na vrcholu st\u011b\u017en\u011b, co\u017e si mysl\u00edm kempingov\u00e1 lampi\u010dka z Decathlonu beze zbytku spl\u0148uje.<br \/>\nKli\u010dkoval jsem mezi temn\u00fdmi siluetami ryb\u00e1\u0159sk\u00fdch lod\u00ed, sp\u00ed\u0161e po hmatu na\u0161el opu\u0161t\u011bnou b\u00f3jku, vyv\u00e1zal se a \u0161el na kut\u011b. Z\u00edtra startujeme.<br \/>\n11.11. v 8:30 r\u00e1no jsme se odv\u00e1zali z b\u00f3jek, pop\u0159\u00e1li si hodn\u011b \u0161t\u011bst\u00ed a vyrazili v kurzu 215 stup\u0148\u016f na 630 mil vzd\u00e1len\u00e9 Tenerife.<br \/>\nZa\u010dalo skute\u010dn\u00e9 seznamov\u00e1n\u00ed s lod\u00ed, zkou\u0161en\u00ed r\u016fzn\u00fdch konfigurac\u00ed plachet, sp\u00e1nkov\u00e9ho re\u017eimu, atd. Po p\u00e1r hodin\u00e1ch se ke mn\u011b p\u0159ipojila prvn\u00ed skupina delf\u00edn\u016f, m\u011bl jsem z nich obrovskou radost.<\/p>\n<div id=\"attachment_3842\" style=\"width: 868px\" class=\"wp-caption alignnone\"><a href=\"https:\/\/www.chovanec.com\/wp\/wp-content\/uploads\/2021\/11\/IMG_20211111_112608.jpg\" data-rel=\"lightbox-image-9\" data-rl_title=\"IMG_20211111_112608\" data-rl_caption=\"Prvn\u00ed delf\u00edni\" title=\"IMG_20211111_112608\"><img aria-describedby=\"caption-attachment-3842\" loading=\"lazy\" src=\"https:\/\/www.chovanec.com\/wp\/wp-content\/uploads\/2021\/11\/IMG_20211111_112608-1024x768.jpg\" alt=\"\" width=\"858\" height=\"644\" class=\"size-large wp-image-3842\" srcset=\"https:\/\/www.chovanec.com\/wp\/wp-content\/uploads\/2021\/11\/IMG_20211111_112608-1024x768.jpg 1024w, https:\/\/www.chovanec.com\/wp\/wp-content\/uploads\/2021\/11\/IMG_20211111_112608-300x225.jpg 300w, https:\/\/www.chovanec.com\/wp\/wp-content\/uploads\/2021\/11\/IMG_20211111_112608-768x576.jpg 768w, https:\/\/www.chovanec.com\/wp\/wp-content\/uploads\/2021\/11\/IMG_20211111_112608.jpg 1200w\" sizes=\"(max-width: 858px) 100vw, 858px\" \/><\/a><p id=\"caption-attachment-3842\" class=\"wp-caption-text\">Prvn\u00ed delf\u00edni<\/p><\/div>\n<p>Na\u0161e \u010dty\u0159i Setky se od sebe postupn\u011b vzdalovaly, dal\u0161\u00ed r\u00e1no u\u017e jsme se nevid\u011bli.<br \/>\nLe\u017eel jsem v kajut\u011b, kdy\u017e se z venku ozvalo delf\u00edn\u00ed cvrlik\u00e1n\u00ed.<br \/>\n&#8222;Jsem unaven\u00fd, hrejte si sami!&#8220; zahul\u00e1kal jsem na n\u011b z kajuty.<br \/>\nDelf\u00edni se ale nedali odb\u00fdt &#8211; &#8222;Cr\u00edk, cr\u00edk&#8220; pov\u00eddali jeden p\u0159es druh\u00e9ho a l\u00e1kali mn\u011b ven.<br \/>\nNakonec jsem to nevydr\u017eel: &#8222;No dob\u0159e, ale jenom na chvilku.&#8220;<br \/>\nVylezl jsem ven, delf\u00edni ztichli a za\u010dali p\u0159edv\u00e1d\u011bt svoje skoky, salta a lopingy. Pov\u00eddal jsem si s nimi a po p\u00e1r minut\u00e1ch odpluli. Tyhle chv\u00edle jsou naprosto magick\u00e9.<br \/>\n\u010ctvrt\u00fd den plavby se za\u010dala usazovat ka\u017edodenn\u00ed rutina. Odes\u00edl\u00e1n\u00ed pozi\u010dn\u00edch zpr\u00e1v, j\u00eddlo, sp\u00e1nek, kontrola lodn\u00edho provozu.<\/p>\n<div id=\"attachment_3852\" style=\"width: 868px\" class=\"wp-caption alignnone\"><a href=\"https:\/\/www.chovanec.com\/wp\/wp-content\/uploads\/2021\/11\/IMG_20211117_073450-1.jpg\" data-rel=\"lightbox-image-10\" data-rl_title=\"IMG_20211117_073450\" data-rl_caption=\"Z\u00e1pad slunce na oce\u00e1nu\" title=\"IMG_20211117_073450\"><img aria-describedby=\"caption-attachment-3852\" loading=\"lazy\" src=\"https:\/\/www.chovanec.com\/wp\/wp-content\/uploads\/2021\/11\/IMG_20211117_073450-1-1024x768.jpg\" alt=\"\" width=\"858\" height=\"644\" class=\"size-large wp-image-3852\" srcset=\"https:\/\/www.chovanec.com\/wp\/wp-content\/uploads\/2021\/11\/IMG_20211117_073450-1-1024x768.jpg 1024w, https:\/\/www.chovanec.com\/wp\/wp-content\/uploads\/2021\/11\/IMG_20211117_073450-1-300x225.jpg 300w, https:\/\/www.chovanec.com\/wp\/wp-content\/uploads\/2021\/11\/IMG_20211117_073450-1-768x576.jpg 768w, https:\/\/www.chovanec.com\/wp\/wp-content\/uploads\/2021\/11\/IMG_20211117_073450-1.jpg 1200w\" sizes=\"(max-width: 858px) 100vw, 858px\" \/><\/a><p id=\"caption-attachment-3852\" class=\"wp-caption-text\">Z\u00e1pad slunce na oce\u00e1nu<\/p><\/div>\n<p>Po\u010das\u00ed bylo p\u0159\u00edzniv\u00e9 a \u0161est\u00e9ho dne odpoledne jsem v oparu p\u0159ed sebou rozeznal obrysy zem\u011b.<br \/>\n18.11. v p\u011bt r\u00e1no jsem p\u0159ekro\u010dil c\u00edlovou \u010d\u00e1ru, kter\u00e1 je definovan\u00e1 jako \u00fasek rovnob\u011b\u017eky 28\u00b028&#8242; mezi pob\u0159e\u017e\u00edm Santa Cruz de Tenerife a poledn\u00edkem 16\u00b0.<br \/>\nVydal jsem se sm\u011brem k p\u0159\u00edstavu. Trvalo to dlouho, k\u0159i\u017eoval jsem proti slab\u00e9mu v\u00e1nku od pevniny. Kous\u00ed\u010dek p\u0159ed vlnolamem jsme se potkali s Kubou Dabrowsk\u00fdm, kter\u00fd p\u0159ijel z jin\u00e9ho kurzu. Po sedmi dnech na mo\u0159i jsme vjeli do p\u0159\u00edstavu bok po boku, nasv\u00edcen\u00ed vych\u00e1zej\u00edc\u00edm sluncem.<\/p>\n<div id=\"attachment_3843\" style=\"width: 868px\" class=\"wp-caption alignnone\"><a href=\"https:\/\/www.chovanec.com\/wp\/wp-content\/uploads\/2021\/11\/IMG_20211118_075042.jpg\" data-rel=\"lightbox-image-11\" data-rl_title=\"IMG_20211118_075042\" data-rl_caption=\"Kuba vj\u00ed\u017ed\u00ed do Santa Cruz de Tenerife\" title=\"IMG_20211118_075042\"><img aria-describedby=\"caption-attachment-3843\" loading=\"lazy\" src=\"https:\/\/www.chovanec.com\/wp\/wp-content\/uploads\/2021\/11\/IMG_20211118_075042-1024x768.jpg\" alt=\"\" width=\"858\" height=\"644\" class=\"size-large wp-image-3843\" srcset=\"https:\/\/www.chovanec.com\/wp\/wp-content\/uploads\/2021\/11\/IMG_20211118_075042-1024x768.jpg 1024w, https:\/\/www.chovanec.com\/wp\/wp-content\/uploads\/2021\/11\/IMG_20211118_075042-300x225.jpg 300w, https:\/\/www.chovanec.com\/wp\/wp-content\/uploads\/2021\/11\/IMG_20211118_075042-768x576.jpg 768w, https:\/\/www.chovanec.com\/wp\/wp-content\/uploads\/2021\/11\/IMG_20211118_075042.jpg 1200w\" sizes=\"(max-width: 858px) 100vw, 858px\" \/><\/a><p id=\"caption-attachment-3843\" class=\"wp-caption-text\">Kuba vj\u00ed\u017ed\u00ed do Santa Cruz de Tenerife<\/p><\/div>\n","protected":false},"excerpt":{"rendered":"<p>27. \u0159\u00edjna r\u00e1no jsme s kamar\u00e1dem Petrem zapojili vlek se Stovkou za auto a vyrazili sm\u011br Portugalsko. Nem\u011bli jsme tam nic domluveno, ale kolega Jurand, kter\u00fd d\u00e1val svoji lo\u010f Alczento na vodu v jihoportugalsk\u00e9m p\u0159\u00edstavu Portimao, \u0159\u00edkal, \u017ee by to &#8222;nem\u011bl b\u00fdt probl\u00e9m&#8220;. P\u0159ejeli jsme N\u011bmecko a Francii a stavili se na chv\u00edli odpo\u010dinout na [&hellip;]<\/p>\n","protected":false},"author":1,"featured_media":3841,"comment_status":"open","ping_status":"open","sticky":false,"template":"","format":"standard","meta":[],"categories":[13,17],"tags":[],"yoast_head":"<!-- This site is optimized with the Yoast SEO plugin v18.1 - https:\/\/yoast.com\/wordpress\/plugins\/seo\/ -->\n<title>Prvn\u00ed etapa z\u00e1vodu Stovkou p\u0159es Atlantik - Pr\u016fvodce divo\u010dinou<\/title>\n<meta name=\"robots\" content=\"index, follow, max-snippet:-1, max-image-preview:large, max-video-preview:-1\" \/>\n<link rel=\"canonical\" href=\"https:\/\/www.chovanec.com\/wp\/prvni-etapa-zavodu-stovkou-pres-atlantik\/\" \/>\n<meta property=\"og:locale\" content=\"cs_CZ\" \/>\n<meta property=\"og:type\" content=\"article\" \/>\n<meta property=\"og:title\" content=\"Prvn\u00ed etapa z\u00e1vodu Stovkou p\u0159es Atlantik - Pr\u016fvodce divo\u010dinou\" \/>\n<meta property=\"og:description\" content=\"27. \u0159\u00edjna r\u00e1no jsme s kamar\u00e1dem Petrem zapojili vlek se Stovkou za auto a vyrazili sm\u011br Portugalsko. Nem\u011bli jsme tam nic domluveno, ale kolega Jurand, kter\u00fd d\u00e1val svoji lo\u010f Alczento na vodu v jihoportugalsk\u00e9m p\u0159\u00edstavu Portimao, \u0159\u00edkal, \u017ee by to &#8222;nem\u011bl b\u00fdt probl\u00e9m&#8220;. P\u0159ejeli jsme N\u011bmecko a Francii a stavili se na chv\u00edli odpo\u010dinout na [&hellip;]\" \/>\n<meta property=\"og:url\" content=\"https:\/\/www.chovanec.com\/wp\/prvni-etapa-zavodu-stovkou-pres-atlantik\/\" \/>\n<meta property=\"og:site_name\" content=\"Pr\u016fvodce divo\u010dinou\" \/>\n<meta property=\"article:publisher\" content=\"https:\/\/www.facebook.com\/Pr%c5%afvodce-divo%c4%8dinou-102801175188573\" \/>\n<meta property=\"article:published_time\" content=\"2021-11-22T19:14:07+00:00\" \/>\n<meta property=\"article:modified_time\" content=\"2022-02-11T15:48:19+00:00\" \/>\n<meta property=\"og:image\" content=\"https:\/\/www.chovanec.com\/wp\/wp-content\/uploads\/2021\/11\/DJI_0171.jpg\" \/>\n\t<meta property=\"og:image:width\" content=\"1200\" \/>\n\t<meta property=\"og:image:height\" content=\"900\" \/>\n\t<meta property=\"og:image:type\" content=\"image\/jpeg\" \/>\n<meta name=\"twitter:card\" content=\"summary_large_image\" \/>\n<meta name=\"twitter:label1\" content=\"Napsal(a)\" \/>\n\t<meta name=\"twitter:data1\" content=\"ludd\" \/>\n\t<meta name=\"twitter:label2\" content=\"Odhadovan\u00e1 doba \u010dten\u00ed\" \/>\n\t<meta name=\"twitter:data2\" content=\"13 minut\" \/>\n<script type=\"application\/ld+json\" class=\"yoast-schema-graph\">{\"@context\":\"https:\/\/schema.org\",\"@graph\":[{\"@type\":\"Organization\",\"@id\":\"https:\/\/www.chovanec.com\/wp\/#organization\",\"name\":\"Pr\u016fvodce divo\u010dinou\",\"url\":\"https:\/\/www.chovanec.com\/wp\/\",\"sameAs\":[\"https:\/\/www.facebook.com\/Pr\u016fvodce-divo\u010dinou-102801175188573\"],\"logo\":{\"@type\":\"ImageObject\",\"@id\":\"https:\/\/www.chovanec.com\/wp\/#logo\",\"inLanguage\":\"cs\",\"url\":\"https:\/\/www.chovanec.com\/wp\/wp-content\/uploads\/2021\/02\/fantasy-3340888_1280.jpg\",\"contentUrl\":\"https:\/\/www.chovanec.com\/wp\/wp-content\/uploads\/2021\/02\/fantasy-3340888_1280.jpg\",\"width\":1200,\"height\":679,\"caption\":\"Pr\u016fvodce divo\u010dinou\"},\"image\":{\"@id\":\"https:\/\/www.chovanec.com\/wp\/#logo\"}},{\"@type\":\"WebSite\",\"@id\":\"https:\/\/www.chovanec.com\/wp\/#website\",\"url\":\"https:\/\/www.chovanec.com\/wp\/\",\"name\":\"Pr\u016fvodce divo\u010dinou\",\"description\":\"\",\"publisher\":{\"@id\":\"https:\/\/www.chovanec.com\/wp\/#organization\"},\"potentialAction\":[{\"@type\":\"SearchAction\",\"target\":{\"@type\":\"EntryPoint\",\"urlTemplate\":\"https:\/\/www.chovanec.com\/wp\/?s={search_term_string}\"},\"query-input\":\"required name=search_term_string\"}],\"inLanguage\":\"cs\"},{\"@type\":\"ImageObject\",\"@id\":\"https:\/\/www.chovanec.com\/wp\/prvni-etapa-zavodu-stovkou-pres-atlantik\/#primaryimage\",\"inLanguage\":\"cs\",\"url\":\"https:\/\/www.chovanec.com\/wp\/wp-content\/uploads\/2021\/11\/DJI_0171.jpg\",\"contentUrl\":\"https:\/\/www.chovanec.com\/wp\/wp-content\/uploads\/2021\/11\/DJI_0171.jpg\",\"width\":1200,\"height\":900,\"caption\":\"Setky p\u0159ed startem v mar\u00edn\u011b Portimao\"},{\"@type\":\"WebPage\",\"@id\":\"https:\/\/www.chovanec.com\/wp\/prvni-etapa-zavodu-stovkou-pres-atlantik\/#webpage\",\"url\":\"https:\/\/www.chovanec.com\/wp\/prvni-etapa-zavodu-stovkou-pres-atlantik\/\",\"name\":\"Prvn\u00ed etapa z\u00e1vodu Stovkou p\u0159es Atlantik - Pr\u016fvodce divo\u010dinou\",\"isPartOf\":{\"@id\":\"https:\/\/www.chovanec.com\/wp\/#website\"},\"primaryImageOfPage\":{\"@id\":\"https:\/\/www.chovanec.com\/wp\/prvni-etapa-zavodu-stovkou-pres-atlantik\/#primaryimage\"},\"datePublished\":\"2021-11-22T19:14:07+00:00\",\"dateModified\":\"2022-02-11T15:48:19+00:00\",\"breadcrumb\":{\"@id\":\"https:\/\/www.chovanec.com\/wp\/prvni-etapa-zavodu-stovkou-pres-atlantik\/#breadcrumb\"},\"inLanguage\":\"cs\",\"potentialAction\":[{\"@type\":\"ReadAction\",\"target\":[\"https:\/\/www.chovanec.com\/wp\/prvni-etapa-zavodu-stovkou-pres-atlantik\/\"]}]},{\"@type\":\"BreadcrumbList\",\"@id\":\"https:\/\/www.chovanec.com\/wp\/prvni-etapa-zavodu-stovkou-pres-atlantik\/#breadcrumb\",\"itemListElement\":[{\"@type\":\"ListItem\",\"position\":1,\"name\":\"Home\",\"item\":\"https:\/\/www.chovanec.com\/wp\/\"},{\"@type\":\"ListItem\",\"position\":2,\"name\":\"Prvn\u00ed etapa z\u00e1vodu Stovkou p\u0159es Atlantik\"}]},{\"@type\":\"Article\",\"@id\":\"https:\/\/www.chovanec.com\/wp\/prvni-etapa-zavodu-stovkou-pres-atlantik\/#article\",\"isPartOf\":{\"@id\":\"https:\/\/www.chovanec.com\/wp\/prvni-etapa-zavodu-stovkou-pres-atlantik\/#webpage\"},\"author\":{\"@id\":\"https:\/\/www.chovanec.com\/wp\/#\/schema\/person\/c3477d25eb5af0f9fe4888747cd2595f\"},\"headline\":\"Prvn\u00ed etapa z\u00e1vodu Stovkou p\u0159es Atlantik\",\"datePublished\":\"2021-11-22T19:14:07+00:00\",\"dateModified\":\"2022-02-11T15:48:19+00:00\",\"mainEntityOfPage\":{\"@id\":\"https:\/\/www.chovanec.com\/wp\/prvni-etapa-zavodu-stovkou-pres-atlantik\/#webpage\"},\"wordCount\":2585,\"commentCount\":5,\"publisher\":{\"@id\":\"https:\/\/www.chovanec.com\/wp\/#organization\"},\"image\":{\"@id\":\"https:\/\/www.chovanec.com\/wp\/prvni-etapa-zavodu-stovkou-pres-atlantik\/#primaryimage\"},\"thumbnailUrl\":\"https:\/\/www.chovanec.com\/wp\/wp-content\/uploads\/2021\/11\/DJI_0171.jpg\",\"articleSection\":[\"Cesty\",\"Sport\"],\"inLanguage\":\"cs\",\"potentialAction\":[{\"@type\":\"CommentAction\",\"name\":\"Comment\",\"target\":[\"https:\/\/www.chovanec.com\/wp\/prvni-etapa-zavodu-stovkou-pres-atlantik\/#respond\"]}]},{\"@type\":\"Person\",\"@id\":\"https:\/\/www.chovanec.com\/wp\/#\/schema\/person\/c3477d25eb5af0f9fe4888747cd2595f\",\"name\":\"ludd\",\"image\":{\"@type\":\"ImageObject\",\"@id\":\"https:\/\/www.chovanec.com\/wp\/#personlogo\",\"inLanguage\":\"cs\",\"url\":\"https:\/\/secure.gravatar.com\/avatar\/c761a3a5a171a8ab8afcdc130e2b185a?s=96&d=mm&r=g\",\"contentUrl\":\"https:\/\/secure.gravatar.com\/avatar\/c761a3a5a171a8ab8afcdc130e2b185a?s=96&d=mm&r=g\",\"caption\":\"ludd\"}}]}<\/script>\n<!-- \/ Yoast SEO plugin. -->","yoast_head_json":{"title":"Prvn\u00ed etapa z\u00e1vodu Stovkou p\u0159es Atlantik - Pr\u016fvodce divo\u010dinou","robots":{"index":"index","follow":"follow","max-snippet":"max-snippet:-1","max-image-preview":"max-image-preview:large","max-video-preview":"max-video-preview:-1"},"canonical":"https:\/\/www.chovanec.com\/wp\/prvni-etapa-zavodu-stovkou-pres-atlantik\/","og_locale":"cs_CZ","og_type":"article","og_title":"Prvn\u00ed etapa z\u00e1vodu Stovkou p\u0159es Atlantik - Pr\u016fvodce divo\u010dinou","og_description":"27. \u0159\u00edjna r\u00e1no jsme s kamar\u00e1dem Petrem zapojili vlek se Stovkou za auto a vyrazili sm\u011br Portugalsko. Nem\u011bli jsme tam nic domluveno, ale kolega Jurand, kter\u00fd d\u00e1val svoji lo\u010f Alczento na vodu v jihoportugalsk\u00e9m p\u0159\u00edstavu Portimao, \u0159\u00edkal, \u017ee by to &#8222;nem\u011bl b\u00fdt probl\u00e9m&#8220;. P\u0159ejeli jsme N\u011bmecko a Francii a stavili se na chv\u00edli odpo\u010dinout na [&hellip;]","og_url":"https:\/\/www.chovanec.com\/wp\/prvni-etapa-zavodu-stovkou-pres-atlantik\/","og_site_name":"Pr\u016fvodce divo\u010dinou","article_publisher":"https:\/\/www.facebook.com\/Pr%c5%afvodce-divo%c4%8dinou-102801175188573","article_published_time":"2021-11-22T19:14:07+00:00","article_modified_time":"2022-02-11T15:48:19+00:00","og_image":[{"width":1200,"height":900,"url":"https:\/\/www.chovanec.com\/wp\/wp-content\/uploads\/2021\/11\/DJI_0171.jpg","type":"image\/jpeg"}],"twitter_card":"summary_large_image","twitter_misc":{"Napsal(a)":"ludd","Odhadovan\u00e1 doba \u010dten\u00ed":"13 minut"},"schema":{"@context":"https:\/\/schema.org","@graph":[{"@type":"Organization","@id":"https:\/\/www.chovanec.com\/wp\/#organization","name":"Pr\u016fvodce divo\u010dinou","url":"https:\/\/www.chovanec.com\/wp\/","sameAs":["https:\/\/www.facebook.com\/Pr\u016fvodce-divo\u010dinou-102801175188573"],"logo":{"@type":"ImageObject","@id":"https:\/\/www.chovanec.com\/wp\/#logo","inLanguage":"cs","url":"https:\/\/www.chovanec.com\/wp\/wp-content\/uploads\/2021\/02\/fantasy-3340888_1280.jpg","contentUrl":"https:\/\/www.chovanec.com\/wp\/wp-content\/uploads\/2021\/02\/fantasy-3340888_1280.jpg","width":1200,"height":679,"caption":"Pr\u016fvodce divo\u010dinou"},"image":{"@id":"https:\/\/www.chovanec.com\/wp\/#logo"}},{"@type":"WebSite","@id":"https:\/\/www.chovanec.com\/wp\/#website","url":"https:\/\/www.chovanec.com\/wp\/","name":"Pr\u016fvodce divo\u010dinou","description":"","publisher":{"@id":"https:\/\/www.chovanec.com\/wp\/#organization"},"potentialAction":[{"@type":"SearchAction","target":{"@type":"EntryPoint","urlTemplate":"https:\/\/www.chovanec.com\/wp\/?s={search_term_string}"},"query-input":"required name=search_term_string"}],"inLanguage":"cs"},{"@type":"ImageObject","@id":"https:\/\/www.chovanec.com\/wp\/prvni-etapa-zavodu-stovkou-pres-atlantik\/#primaryimage","inLanguage":"cs","url":"https:\/\/www.chovanec.com\/wp\/wp-content\/uploads\/2021\/11\/DJI_0171.jpg","contentUrl":"https:\/\/www.chovanec.com\/wp\/wp-content\/uploads\/2021\/11\/DJI_0171.jpg","width":1200,"height":900,"caption":"Setky p\u0159ed startem v mar\u00edn\u011b Portimao"},{"@type":"WebPage","@id":"https:\/\/www.chovanec.com\/wp\/prvni-etapa-zavodu-stovkou-pres-atlantik\/#webpage","url":"https:\/\/www.chovanec.com\/wp\/prvni-etapa-zavodu-stovkou-pres-atlantik\/","name":"Prvn\u00ed etapa z\u00e1vodu Stovkou p\u0159es Atlantik - Pr\u016fvodce divo\u010dinou","isPartOf":{"@id":"https:\/\/www.chovanec.com\/wp\/#website"},"primaryImageOfPage":{"@id":"https:\/\/www.chovanec.com\/wp\/prvni-etapa-zavodu-stovkou-pres-atlantik\/#primaryimage"},"datePublished":"2021-11-22T19:14:07+00:00","dateModified":"2022-02-11T15:48:19+00:00","breadcrumb":{"@id":"https:\/\/www.chovanec.com\/wp\/prvni-etapa-zavodu-stovkou-pres-atlantik\/#breadcrumb"},"inLanguage":"cs","potentialAction":[{"@type":"ReadAction","target":["https:\/\/www.chovanec.com\/wp\/prvni-etapa-zavodu-stovkou-pres-atlantik\/"]}]},{"@type":"BreadcrumbList","@id":"https:\/\/www.chovanec.com\/wp\/prvni-etapa-zavodu-stovkou-pres-atlantik\/#breadcrumb","itemListElement":[{"@type":"ListItem","position":1,"name":"Home","item":"https:\/\/www.chovanec.com\/wp\/"},{"@type":"ListItem","position":2,"name":"Prvn\u00ed etapa z\u00e1vodu Stovkou p\u0159es Atlantik"}]},{"@type":"Article","@id":"https:\/\/www.chovanec.com\/wp\/prvni-etapa-zavodu-stovkou-pres-atlantik\/#article","isPartOf":{"@id":"https:\/\/www.chovanec.com\/wp\/prvni-etapa-zavodu-stovkou-pres-atlantik\/#webpage"},"author":{"@id":"https:\/\/www.chovanec.com\/wp\/#\/schema\/person\/c3477d25eb5af0f9fe4888747cd2595f"},"headline":"Prvn\u00ed etapa z\u00e1vodu Stovkou p\u0159es Atlantik","datePublished":"2021-11-22T19:14:07+00:00","dateModified":"2022-02-11T15:48:19+00:00","mainEntityOfPage":{"@id":"https:\/\/www.chovanec.com\/wp\/prvni-etapa-zavodu-stovkou-pres-atlantik\/#webpage"},"wordCount":2585,"commentCount":5,"publisher":{"@id":"https:\/\/www.chovanec.com\/wp\/#organization"},"image":{"@id":"https:\/\/www.chovanec.com\/wp\/prvni-etapa-zavodu-stovkou-pres-atlantik\/#primaryimage"},"thumbnailUrl":"https:\/\/www.chovanec.com\/wp\/wp-content\/uploads\/2021\/11\/DJI_0171.jpg","articleSection":["Cesty","Sport"],"inLanguage":"cs","potentialAction":[{"@type":"CommentAction","name":"Comment","target":["https:\/\/www.chovanec.com\/wp\/prvni-etapa-zavodu-stovkou-pres-atlantik\/#respond"]}]},{"@type":"Person","@id":"https:\/\/www.chovanec.com\/wp\/#\/schema\/person\/c3477d25eb5af0f9fe4888747cd2595f","name":"ludd","image":{"@type":"ImageObject","@id":"https:\/\/www.chovanec.com\/wp\/#personlogo","inLanguage":"cs","url":"https:\/\/secure.gravatar.com\/avatar\/c761a3a5a171a8ab8afcdc130e2b185a?s=96&d=mm&r=g","contentUrl":"https:\/\/secure.gravatar.com\/avatar\/c761a3a5a171a8ab8afcdc130e2b185a?s=96&d=mm&r=g","caption":"ludd"}}]}},"_links":{"self":[{"href":"https:\/\/www.chovanec.com\/wp\/wp-json\/wp\/v2\/posts\/3833"}],"collection":[{"href":"https:\/\/www.chovanec.com\/wp\/wp-json\/wp\/v2\/posts"}],"about":[{"href":"https:\/\/www.chovanec.com\/wp\/wp-json\/wp\/v2\/types\/post"}],"author":[{"embeddable":true,"href":"https:\/\/www.chovanec.com\/wp\/wp-json\/wp\/v2\/users\/1"}],"replies":[{"embeddable":true,"href":"https:\/\/www.chovanec.com\/wp\/wp-json\/wp\/v2\/comments?post=3833"}],"version-history":[{"count":9,"href":"https:\/\/www.chovanec.com\/wp\/wp-json\/wp\/v2\/posts\/3833\/revisions"}],"predecessor-version":[{"id":3855,"href":"https:\/\/www.chovanec.com\/wp\/wp-json\/wp\/v2\/posts\/3833\/revisions\/3855"}],"wp:featuredmedia":[{"embeddable":true,"href":"https:\/\/www.chovanec.com\/wp\/wp-json\/wp\/v2\/media\/3841"}],"wp:attachment":[{"href":"https:\/\/www.chovanec.com\/wp\/wp-json\/wp\/v2\/media?parent=3833"}],"wp:term":[{"taxonomy":"category","embeddable":true,"href":"https:\/\/www.chovanec.com\/wp\/wp-json\/wp\/v2\/categories?post=3833"},{"taxonomy":"post_tag","embeddable":true,"href":"https:\/\/www.chovanec.com\/wp\/wp-json\/wp\/v2\/tags?post=3833"}],"curies":[{"name":"wp","href":"https:\/\/api.w.org\/{rel}","templated":true}]}}