{"id":2401,"date":"2017-11-19T22:28:08","date_gmt":"2017-11-19T21:28:08","guid":{"rendered":"http:\/\/www1.chovanec.com\/wp\/?p=2401"},"modified":"2019-09-05T15:06:07","modified_gmt":"2019-09-05T14:06:07","slug":"obr-co-nemel-zuby","status":"publish","type":"post","link":"https:\/\/www.chovanec.com\/wp\/obr-co-nemel-zuby\/","title":{"rendered":"Obr, co nem\u011bl zuby"},"content":{"rendered":"<p>V zemi, kde rostou na stromech modr\u00e1 jablka, \u017eil jeden obr, a ten obr nem\u011bl zuby. D\u00edky tomu byl v\u0161em lidem k sm\u00edchu. P\u0159ib\u011bhl t\u0159eba do vesnice, za\u010dal se b\u00edt v prsa a volal: \u201eT\u0161e\u0161te \u0161\u00e9, j\u0161em \u0161tla\u0161n\u00fd obl!\u201c a lid\u00e9 se sm\u00e1li, a\u017e se za b\u0159icha popadali.<\/p>\n<p>Obr byl z toho smutn\u00fd. Cht\u011bl budit hr\u016fzu a d\u011bs a m\u00edsto toho byl za klauna. \u201eF\u0161echny v\u00e1\u0161 \u0161e\u017eelu!\u201c, volal na chechtaj\u00edc\u00ed se selky a sedl\u00e1ky, \u201ef\u0161echny do jednoho!\u201c<\/p>\n<p>\u201eA jak n\u00e1s chce\u0161 se\u017erat, kdy\u017e nem\u00e1\u0161 zuby?\u201c, volali na n\u011bj posm\u011b\u0161n\u011b vesni\u010dani. \u201eV\u017edy\u0165 ty m\u016f\u017ee\u0161 j\u00edst akor\u00e1t krupi\u010dnou ka\u0161i, jako mimina a star\u00e9 b\u00e1by.\u201c<\/p>\n<p>Obr se zamra\u010dil a obr\u00e1til se k vesni\u010dan\u016fm z\u00e1dy. \u201eU\u017e m\u00e1m toho dost\u201c, \u0159ekl si pro sebe, \u201enech\u00e1m si ud\u011blat um\u011bl\u00e9 zuby.\u201c<\/p>\n<p>To ale nen\u00ed jen tak, nechat si ud\u011blat um\u011bl\u00e9 zuby. To se mus\u00ed k zuba\u0159i a stoj\u00ed to spoustu pen\u011bz. A tak n\u00e1\u0161 bezzub\u00fd obr p\u0159estal stra\u0161it lidi a za\u010dal pracovat, aby si na um\u011bl\u00fd chrup vyd\u011blal.<\/p>\n<p>Pom\u00e1hal stav\u011bt p\u0159ehrady, odstra\u0148oval balvany, kter\u00e9 se skut\u00e1lely z kopc\u016f a zablokovaly silnice a d\u011blal dal\u0161\u00ed pr\u00e1ce, kde se mohla uplatnit jeho ob\u0159\u00ed s\u00edla. Brzy m\u011bl na\u0161et\u0159enou slu\u0161nou hrom\u00e1dku pen\u011bz a vyrazil k zuba\u0159i.<\/p>\n<p>\u201eCh\u010di um\u011bl\u00e9 \u017euby, \u010del\u00e9 \u017ee \u017elata\u201c, pov\u00edd\u00e1 zuba\u0159i. \u201eV\u00fdborn\u011b, pane ob\u0159e!\u201c, uklonil se zuba\u0159 a p\u0159istopil bl\u00ed\u017e. \u201eNejprve v\u00e1m zm\u011b\u0159\u00edm \u00fastn\u00ed dutinu, abych zjistil, kolik budeme pot\u0159ebovat materi\u00e1lu.\u201c<\/p>\n<p>Vzal do ruky dlouh\u00e9 prav\u00edtko, vylezl obrovi na rameno a za\u010dal m\u011b\u0159it. Pak slezl dol\u016f, chv\u00edli n\u011bco po\u010d\u00edtal na pap\u00ed\u0159e a nakonec \u0159ekl: \u201eTak pane ob\u0159e, na v\u00e1\u0161 um\u011bl\u00fd chrup budeme pot\u0159ebovat \u0161estn\u00e1ct tun zlata.\u201c<\/p>\n<p>\u201eFefn\u00e1ct tun?\u201c, vyk\u0159ikl obr a proto\u010dily se mu panenky. \u201eAle tolik pen\u011b\u017e nem\u00e1m, to bych mufel b\u00fdt fnad f\u00e1m p\u00e1n ku\u00e1l! Nedal by fe ten chlup ud\u011blat n\u011bjak levn\u011bji?\u201c Zuba\u0159 se podrbal na hlav\u011b a pov\u00edd\u00e1: \u201eMohli bychom ud\u011blat jenom horn\u00ed a doln\u00ed tes\u00e1ky. To jsou dohromady \u010dty\u0159i zuby a bylo by to levn\u011bj\u0161\u00ed.\u201c Pak se zarazil a dodal: \u201eAle vypadal byste trochu jako veverka.\u201c<\/p>\n<p>\u201eNefci vypadat jako veverka!\u201c, zabur\u00e1cel obr, a\u017e zuba\u0159 odsko\u010dil.<\/p>\n<p>\u201eV tom p\u0159\u00edpad\u011b budeme musel ud\u011blat zuby z n\u011bjak\u00e9ho levn\u011bj\u0161\u00edho materi\u00e1lu. P\u0159i va\u0161\u00ed velikosti, pane ob\u0159e, v\u0161ak p\u0159ipad\u00e1 v \u00favahu jen jedin\u00fd.\u201c<\/p>\n<p>\u201eJak\u00fd?\u201c, pt\u00e1 se obr.<\/p>\n<p>\u201eK\u00e1men\u201c, nejist\u011b odpov\u011bd\u011bl zuba\u0159.<\/p>\n<p>A tak za\u010dali obrovi vyr\u00e1b\u011bt zuby z kamene. Zuba\u0159 zam\u011bstnal v\u0161echny kamen\u00edky ve m\u011bst\u011b a ti m\u00edsto n\u00e1hrobk\u016f a soch slavn\u00fdch lid\u00ed za\u010dali vytes\u00e1vat obrovsk\u00e9 \u0161pi\u010d\u00e1ky, \u0159ez\u00e1ky a stoli\u010dky z nejlep\u0161\u00ed \u017euly \u0161iroko daleko, aby obrovi ty zuby vydr\u017eely.<\/p>\n<p>Za m\u011bs\u00edc byly zuby hotovy a zuba\u0159 s pomocn\u00edky je za pou\u017eit\u00ed je\u0159\u00e1b\u016f a kladkostroj\u016f nasadili obrovi do tlamy.<\/p>\n<p>Obr poprv\u00e9 zacvakal sv\u00fdm nov\u00fdm chrupem. Ozval se rachot, jako by se l\u00e1mala sk\u00e1la a lid\u00e9 v cel\u00e9m m\u011bste\u010dku se vyd\u011b\u0161en\u011b ut\u00edkali schovat do sv\u00fdch sklep\u016f. \u201eZachra\u0148 se kdo m\u016f\u017ee\u0161, zem\u011bt\u0159esen\u00ed!\u201c, volali p\u0159itom.<\/p>\n<p>\u201eVida, te\u010f u\u017e se mi nikdo sm\u00e1t nebude\u201c, uv\u011bdomil si pot\u011b\u0161en\u011b obr. \u201eKone\u010dn\u011b bud\u00edm hr\u016fzu, jak se na obra slu\u0161\u00ed a pat\u0159\u00ed.\u201c A radostn\u011b odb\u011bhl do kraje stra\u0161it lidi.<\/p>\n<p>Zuba\u0159 a jeho pomocn\u00edci nad obrem kroutili hlavami, ale nemohli s n\u00edm nic d\u011blat. Zuba\u0159ovou prac\u00ed je spravovat zuby, nikoli lidsk\u00e9, nebo ob\u0159\u00ed charaktery. A tak n\u00e1\u0161 obr b\u011bhal po kraji a sk\u0159\u00edp\u011bn\u00edm a cvak\u00e1n\u00edm sv\u00fdch kamenn\u00fdch zub\u016f d\u011bsil jednu vesnici za druhou.<\/p>\n<p>Pak si sedl pod strom a za\u010dal p\u0159em\u00fd\u0161let. \u201eObr jsem jak se pat\u0159\u00ed\u201c, \u0159\u00edk\u00e1 si. \u201eKam p\u0159\u00edjdu, tam se pi\u0161t\u00ed a je\u010d\u00ed a lid\u00e9 b\u011bhaj\u00ed sem a tam jako mravenci v rozbo\u0159en\u00e9m mraveni\u0161ti. Jenom\u017ee &#8230;\u201c a obrovi se ani necht\u011blo v\u011b\u0159it, \u017ee to \u0159\u00edk\u00e1, \u201ejenom\u017ee mn\u011b to pou\u0161t\u011bn\u00ed hr\u016fzy vlastn\u011b moc nebav\u00ed.\u201c<\/p>\n<p>Jakmile to bylo venku, obr se uklidnil. D\u00edky sv\u00fdm nov\u00fdm zub\u016fm byl po\u0159\u00e1d v dobr\u00e9 n\u00e1lad\u011b a tak\u00e9 se zdrav\u011b stravoval. D\u0159\u00edve jej \u010dasto bolelo b\u0159icho, kdy\u017e musel polykat cel\u00e9 kr\u00e1vy bez kous\u00e1n\u00ed, ale s t\u00edm byl konec. Jedl te\u010f jen mal\u00e1 sousta a pe\u010dliv\u011b \u017ev\u00fdkal.<\/p>\n<p>Brzy se sp\u0159\u00e1telil se v\u0161emi vesni\u010dany v okol\u00ed a pom\u00e1hal jim s pracemi, kter\u00e9 by sami nedok\u00e1zali, t\u0159eba zav\u011bsit nov\u00e9 zvony do kosteln\u00ed v\u011b\u017ee, nebo rychle odhrabat lavinu, kter\u00e1 v zim\u011b zasypala p\u016flku vsi.<\/p>\n<p>Jen \u010das od \u010dasu ode\u0161el obr hluboko do hor a po noc\u00edch se odtamtud oz\u00fdvalo zlov\u011bstn\u00e9 sk\u0159\u00edp\u011bn\u00ed kamenn\u00fdch zub\u016f. To si obr vyl\u00e9val zlost. Ale i p\u0159es ten ukrutn\u00fd rachot spali vesni\u010dani klidn\u011b.<\/p>\n<p>V\u017edy\u0165 to byl jejich kamar\u00e1d a kamar\u00e1da se nen\u00ed t\u0159eba b\u00e1t.<\/p>\n","protected":false},"excerpt":{"rendered":"<p>V zemi, kde rostou na stromech modr\u00e1 jablka, \u017eil jeden obr, a ten obr nem\u011bl zuby. D\u00edky tomu byl v\u0161em lidem k sm\u00edchu. P\u0159ib\u011bhl t\u0159eba do vesnice, za\u010dal se b\u00edt v prsa a volal: \u201eT\u0161e\u0161te \u0161\u00e9, j\u0161em \u0161tla\u0161n\u00fd obl!\u201c a lid\u00e9 se sm\u00e1li, a\u017e se za b\u0159icha popadali. Obr byl z toho smutn\u00fd. Cht\u011bl budit [&hellip;]<\/p>\n","protected":false},"author":1,"featured_media":0,"comment_status":"closed","ping_status":"open","sticky":false,"template":"","format":"standard","meta":[],"categories":[1],"tags":[27],"yoast_head":"<!-- This site is optimized with the Yoast SEO plugin v18.1 - https:\/\/yoast.com\/wordpress\/plugins\/seo\/ -->\n<title>Obr, co nem\u011bl zuby - Pr\u016fvodce divo\u010dinou<\/title>\n<meta name=\"robots\" content=\"index, follow, max-snippet:-1, max-image-preview:large, max-video-preview:-1\" \/>\n<link rel=\"canonical\" href=\"https:\/\/www.chovanec.com\/wp\/obr-co-nemel-zuby\/\" \/>\n<meta property=\"og:locale\" content=\"cs_CZ\" \/>\n<meta property=\"og:type\" content=\"article\" \/>\n<meta property=\"og:title\" content=\"Obr, co nem\u011bl zuby - Pr\u016fvodce divo\u010dinou\" \/>\n<meta property=\"og:description\" content=\"V zemi, kde rostou na stromech modr\u00e1 jablka, \u017eil jeden obr, a ten obr nem\u011bl zuby. D\u00edky tomu byl v\u0161em lidem k sm\u00edchu. P\u0159ib\u011bhl t\u0159eba do vesnice, za\u010dal se b\u00edt v prsa a volal: \u201eT\u0161e\u0161te \u0161\u00e9, j\u0161em \u0161tla\u0161n\u00fd obl!\u201c a lid\u00e9 se sm\u00e1li, a\u017e se za b\u0159icha popadali. Obr byl z toho smutn\u00fd. Cht\u011bl budit [&hellip;]\" \/>\n<meta property=\"og:url\" content=\"https:\/\/www.chovanec.com\/wp\/obr-co-nemel-zuby\/\" \/>\n<meta property=\"og:site_name\" content=\"Pr\u016fvodce divo\u010dinou\" \/>\n<meta property=\"article:publisher\" content=\"https:\/\/www.facebook.com\/Pr%c5%afvodce-divo%c4%8dinou-102801175188573\" \/>\n<meta property=\"article:published_time\" content=\"2017-11-19T21:28:08+00:00\" \/>\n<meta property=\"article:modified_time\" content=\"2019-09-05T14:06:07+00:00\" \/>\n<meta name=\"twitter:card\" content=\"summary_large_image\" \/>\n<meta name=\"twitter:label1\" content=\"Napsal(a)\" \/>\n\t<meta name=\"twitter:data1\" content=\"ludd\" \/>\n\t<meta name=\"twitter:label2\" content=\"Odhadovan\u00e1 doba \u010dten\u00ed\" \/>\n\t<meta name=\"twitter:data2\" content=\"5 minut\" \/>\n<script type=\"application\/ld+json\" class=\"yoast-schema-graph\">{\"@context\":\"https:\/\/schema.org\",\"@graph\":[{\"@type\":\"Organization\",\"@id\":\"https:\/\/www.chovanec.com\/wp\/#organization\",\"name\":\"Pr\u016fvodce divo\u010dinou\",\"url\":\"https:\/\/www.chovanec.com\/wp\/\",\"sameAs\":[\"https:\/\/www.facebook.com\/Pr\u016fvodce-divo\u010dinou-102801175188573\"],\"logo\":{\"@type\":\"ImageObject\",\"@id\":\"https:\/\/www.chovanec.com\/wp\/#logo\",\"inLanguage\":\"cs\",\"url\":\"https:\/\/www.chovanec.com\/wp\/wp-content\/uploads\/2021\/02\/fantasy-3340888_1280.jpg\",\"contentUrl\":\"https:\/\/www.chovanec.com\/wp\/wp-content\/uploads\/2021\/02\/fantasy-3340888_1280.jpg\",\"width\":1200,\"height\":679,\"caption\":\"Pr\u016fvodce divo\u010dinou\"},\"image\":{\"@id\":\"https:\/\/www.chovanec.com\/wp\/#logo\"}},{\"@type\":\"WebSite\",\"@id\":\"https:\/\/www.chovanec.com\/wp\/#website\",\"url\":\"https:\/\/www.chovanec.com\/wp\/\",\"name\":\"Pr\u016fvodce divo\u010dinou\",\"description\":\"\",\"publisher\":{\"@id\":\"https:\/\/www.chovanec.com\/wp\/#organization\"},\"potentialAction\":[{\"@type\":\"SearchAction\",\"target\":{\"@type\":\"EntryPoint\",\"urlTemplate\":\"https:\/\/www.chovanec.com\/wp\/?s={search_term_string}\"},\"query-input\":\"required name=search_term_string\"}],\"inLanguage\":\"cs\"},{\"@type\":\"WebPage\",\"@id\":\"https:\/\/www.chovanec.com\/wp\/obr-co-nemel-zuby\/#webpage\",\"url\":\"https:\/\/www.chovanec.com\/wp\/obr-co-nemel-zuby\/\",\"name\":\"Obr, co nem\u011bl zuby - Pr\u016fvodce divo\u010dinou\",\"isPartOf\":{\"@id\":\"https:\/\/www.chovanec.com\/wp\/#website\"},\"datePublished\":\"2017-11-19T21:28:08+00:00\",\"dateModified\":\"2019-09-05T14:06:07+00:00\",\"breadcrumb\":{\"@id\":\"https:\/\/www.chovanec.com\/wp\/obr-co-nemel-zuby\/#breadcrumb\"},\"inLanguage\":\"cs\",\"potentialAction\":[{\"@type\":\"ReadAction\",\"target\":[\"https:\/\/www.chovanec.com\/wp\/obr-co-nemel-zuby\/\"]}]},{\"@type\":\"BreadcrumbList\",\"@id\":\"https:\/\/www.chovanec.com\/wp\/obr-co-nemel-zuby\/#breadcrumb\",\"itemListElement\":[{\"@type\":\"ListItem\",\"position\":1,\"name\":\"Home\",\"item\":\"https:\/\/www.chovanec.com\/wp\/\"},{\"@type\":\"ListItem\",\"position\":2,\"name\":\"Obr, co nem\u011bl zuby\"}]},{\"@type\":\"Article\",\"@id\":\"https:\/\/www.chovanec.com\/wp\/obr-co-nemel-zuby\/#article\",\"isPartOf\":{\"@id\":\"https:\/\/www.chovanec.com\/wp\/obr-co-nemel-zuby\/#webpage\"},\"author\":{\"@id\":\"https:\/\/www.chovanec.com\/wp\/#\/schema\/person\/c3477d25eb5af0f9fe4888747cd2595f\"},\"headline\":\"Obr, co nem\u011bl zuby\",\"datePublished\":\"2017-11-19T21:28:08+00:00\",\"dateModified\":\"2019-09-05T14:06:07+00:00\",\"mainEntityOfPage\":{\"@id\":\"https:\/\/www.chovanec.com\/wp\/obr-co-nemel-zuby\/#webpage\"},\"wordCount\":936,\"publisher\":{\"@id\":\"https:\/\/www.chovanec.com\/wp\/#organization\"},\"keywords\":[\"Poh\u00e1dky\"],\"articleSection\":[\"Uncategorized\"],\"inLanguage\":\"cs\"},{\"@type\":\"Person\",\"@id\":\"https:\/\/www.chovanec.com\/wp\/#\/schema\/person\/c3477d25eb5af0f9fe4888747cd2595f\",\"name\":\"ludd\",\"image\":{\"@type\":\"ImageObject\",\"@id\":\"https:\/\/www.chovanec.com\/wp\/#personlogo\",\"inLanguage\":\"cs\",\"url\":\"https:\/\/secure.gravatar.com\/avatar\/c761a3a5a171a8ab8afcdc130e2b185a?s=96&d=mm&r=g\",\"contentUrl\":\"https:\/\/secure.gravatar.com\/avatar\/c761a3a5a171a8ab8afcdc130e2b185a?s=96&d=mm&r=g\",\"caption\":\"ludd\"}}]}<\/script>\n<!-- \/ Yoast SEO plugin. -->","yoast_head_json":{"title":"Obr, co nem\u011bl zuby - Pr\u016fvodce divo\u010dinou","robots":{"index":"index","follow":"follow","max-snippet":"max-snippet:-1","max-image-preview":"max-image-preview:large","max-video-preview":"max-video-preview:-1"},"canonical":"https:\/\/www.chovanec.com\/wp\/obr-co-nemel-zuby\/","og_locale":"cs_CZ","og_type":"article","og_title":"Obr, co nem\u011bl zuby - Pr\u016fvodce divo\u010dinou","og_description":"V zemi, kde rostou na stromech modr\u00e1 jablka, \u017eil jeden obr, a ten obr nem\u011bl zuby. D\u00edky tomu byl v\u0161em lidem k sm\u00edchu. P\u0159ib\u011bhl t\u0159eba do vesnice, za\u010dal se b\u00edt v prsa a volal: \u201eT\u0161e\u0161te \u0161\u00e9, j\u0161em \u0161tla\u0161n\u00fd obl!\u201c a lid\u00e9 se sm\u00e1li, a\u017e se za b\u0159icha popadali. Obr byl z toho smutn\u00fd. Cht\u011bl budit [&hellip;]","og_url":"https:\/\/www.chovanec.com\/wp\/obr-co-nemel-zuby\/","og_site_name":"Pr\u016fvodce divo\u010dinou","article_publisher":"https:\/\/www.facebook.com\/Pr%c5%afvodce-divo%c4%8dinou-102801175188573","article_published_time":"2017-11-19T21:28:08+00:00","article_modified_time":"2019-09-05T14:06:07+00:00","twitter_card":"summary_large_image","twitter_misc":{"Napsal(a)":"ludd","Odhadovan\u00e1 doba \u010dten\u00ed":"5 minut"},"schema":{"@context":"https:\/\/schema.org","@graph":[{"@type":"Organization","@id":"https:\/\/www.chovanec.com\/wp\/#organization","name":"Pr\u016fvodce divo\u010dinou","url":"https:\/\/www.chovanec.com\/wp\/","sameAs":["https:\/\/www.facebook.com\/Pr\u016fvodce-divo\u010dinou-102801175188573"],"logo":{"@type":"ImageObject","@id":"https:\/\/www.chovanec.com\/wp\/#logo","inLanguage":"cs","url":"https:\/\/www.chovanec.com\/wp\/wp-content\/uploads\/2021\/02\/fantasy-3340888_1280.jpg","contentUrl":"https:\/\/www.chovanec.com\/wp\/wp-content\/uploads\/2021\/02\/fantasy-3340888_1280.jpg","width":1200,"height":679,"caption":"Pr\u016fvodce divo\u010dinou"},"image":{"@id":"https:\/\/www.chovanec.com\/wp\/#logo"}},{"@type":"WebSite","@id":"https:\/\/www.chovanec.com\/wp\/#website","url":"https:\/\/www.chovanec.com\/wp\/","name":"Pr\u016fvodce divo\u010dinou","description":"","publisher":{"@id":"https:\/\/www.chovanec.com\/wp\/#organization"},"potentialAction":[{"@type":"SearchAction","target":{"@type":"EntryPoint","urlTemplate":"https:\/\/www.chovanec.com\/wp\/?s={search_term_string}"},"query-input":"required name=search_term_string"}],"inLanguage":"cs"},{"@type":"WebPage","@id":"https:\/\/www.chovanec.com\/wp\/obr-co-nemel-zuby\/#webpage","url":"https:\/\/www.chovanec.com\/wp\/obr-co-nemel-zuby\/","name":"Obr, co nem\u011bl zuby - Pr\u016fvodce divo\u010dinou","isPartOf":{"@id":"https:\/\/www.chovanec.com\/wp\/#website"},"datePublished":"2017-11-19T21:28:08+00:00","dateModified":"2019-09-05T14:06:07+00:00","breadcrumb":{"@id":"https:\/\/www.chovanec.com\/wp\/obr-co-nemel-zuby\/#breadcrumb"},"inLanguage":"cs","potentialAction":[{"@type":"ReadAction","target":["https:\/\/www.chovanec.com\/wp\/obr-co-nemel-zuby\/"]}]},{"@type":"BreadcrumbList","@id":"https:\/\/www.chovanec.com\/wp\/obr-co-nemel-zuby\/#breadcrumb","itemListElement":[{"@type":"ListItem","position":1,"name":"Home","item":"https:\/\/www.chovanec.com\/wp\/"},{"@type":"ListItem","position":2,"name":"Obr, co nem\u011bl zuby"}]},{"@type":"Article","@id":"https:\/\/www.chovanec.com\/wp\/obr-co-nemel-zuby\/#article","isPartOf":{"@id":"https:\/\/www.chovanec.com\/wp\/obr-co-nemel-zuby\/#webpage"},"author":{"@id":"https:\/\/www.chovanec.com\/wp\/#\/schema\/person\/c3477d25eb5af0f9fe4888747cd2595f"},"headline":"Obr, co nem\u011bl zuby","datePublished":"2017-11-19T21:28:08+00:00","dateModified":"2019-09-05T14:06:07+00:00","mainEntityOfPage":{"@id":"https:\/\/www.chovanec.com\/wp\/obr-co-nemel-zuby\/#webpage"},"wordCount":936,"publisher":{"@id":"https:\/\/www.chovanec.com\/wp\/#organization"},"keywords":["Poh\u00e1dky"],"articleSection":["Uncategorized"],"inLanguage":"cs"},{"@type":"Person","@id":"https:\/\/www.chovanec.com\/wp\/#\/schema\/person\/c3477d25eb5af0f9fe4888747cd2595f","name":"ludd","image":{"@type":"ImageObject","@id":"https:\/\/www.chovanec.com\/wp\/#personlogo","inLanguage":"cs","url":"https:\/\/secure.gravatar.com\/avatar\/c761a3a5a171a8ab8afcdc130e2b185a?s=96&d=mm&r=g","contentUrl":"https:\/\/secure.gravatar.com\/avatar\/c761a3a5a171a8ab8afcdc130e2b185a?s=96&d=mm&r=g","caption":"ludd"}}]}},"_links":{"self":[{"href":"https:\/\/www.chovanec.com\/wp\/wp-json\/wp\/v2\/posts\/2401"}],"collection":[{"href":"https:\/\/www.chovanec.com\/wp\/wp-json\/wp\/v2\/posts"}],"about":[{"href":"https:\/\/www.chovanec.com\/wp\/wp-json\/wp\/v2\/types\/post"}],"author":[{"embeddable":true,"href":"https:\/\/www.chovanec.com\/wp\/wp-json\/wp\/v2\/users\/1"}],"replies":[{"embeddable":true,"href":"https:\/\/www.chovanec.com\/wp\/wp-json\/wp\/v2\/comments?post=2401"}],"version-history":[{"count":1,"href":"https:\/\/www.chovanec.com\/wp\/wp-json\/wp\/v2\/posts\/2401\/revisions"}],"predecessor-version":[{"id":2402,"href":"https:\/\/www.chovanec.com\/wp\/wp-json\/wp\/v2\/posts\/2401\/revisions\/2402"}],"wp:attachment":[{"href":"https:\/\/www.chovanec.com\/wp\/wp-json\/wp\/v2\/media?parent=2401"}],"wp:term":[{"taxonomy":"category","embeddable":true,"href":"https:\/\/www.chovanec.com\/wp\/wp-json\/wp\/v2\/categories?post=2401"},{"taxonomy":"post_tag","embeddable":true,"href":"https:\/\/www.chovanec.com\/wp\/wp-json\/wp\/v2\/tags?post=2401"}],"curies":[{"name":"wp","href":"https:\/\/api.w.org\/{rel}","templated":true}]}}